{"id":1508,"__str__":"Lei n\u00ba 974, de 22 de agosto de 2023","link_detail_backend":"/norma/1508","metadata":{},"texto_integral":"http://sapl.fortim.ce.leg.br/media/sapl/public/normajuridica/2023/1508/lei_n_974.2023.pdf","numero":"974","ano":2023,"esfera_federacao":"M","data":"2023-08-22","data_publicacao":null,"veiculo_publicacao":"","pagina_inicio_publicacao":null,"pagina_fim_publicacao":null,"ementa":"Institui o Dia da B\u00edblia no \u00e2mbito do Munic\u00edpio de Fortim, na forma que indica.","indexacao":"","observacao":"","complemento":false,"data_vigencia":null,"timestamp":"2023-08-31T02:02:23.496313-03:00","data_ultima_atualizacao":"2023-08-31T02:02:23.498065-03:00","ip":"189.127.38.109","ultima_edicao":"2023-08-31T02:02:23.364247-03:00","tipo":13,"materia":1459,"orgao":null,"user":1,"assuntos":[],"autores":[]}