{"id":5521,"__str__":"Requerimento n\u00ba 88 de 2023 | Proposi\u00e7\u00e3o inclusa na Ordem do Dia | 20/09/2023","link_detail_backend":"/materia/tramitacao/5521","metadata":{},"timestamp":"2023-09-22T10:38:10.612019-03:00","data_tramitacao":"2023-09-20","data_encaminhamento":"2023-09-20","urgente":false,"turno":"U","texto":"Para aprecia\u00e7\u00e3o \u00fanica.","data_fim_prazo":null,"ip":"128.201.121.234","ultima_edicao":"2023-09-22T10:38:10.585305-03:00","status":18,"materia":1500,"unidade_tramitacao_local":8,"unidade_tramitacao_destino":4,"user":1}