{"id":5482,"__str__":"Requerimento n\u00ba 87 de 2023 | Proposi\u00e7\u00e3o inclusa na Ordem do Dia | 14/09/2023","link_detail_backend":"/materia/tramitacao/5482","metadata":{},"timestamp":"2023-09-15T11:11:22.190217-03:00","data_tramitacao":"2023-09-14","data_encaminhamento":"2023-09-14","urgente":false,"turno":"U","texto":"Para aprecia\u00e7\u00e3o \u00fanica.","data_fim_prazo":null,"ip":"177.55.248.119","ultima_edicao":"2023-09-15T11:10:59.877881-03:00","status":18,"materia":1499,"unidade_tramitacao_local":8,"unidade_tramitacao_destino":4,"user":1}