{"id":3348,"__str__":"Requerimento n\u00ba 72 de 2022 | Proposi\u00e7\u00e3o inclusa na Ordem do Dia | 03/08/2022","link_detail_backend":"/materia/tramitacao/3348","metadata":{},"timestamp":"2022-09-05T21:46:52.479809-03:00","data_tramitacao":"2022-08-03","data_encaminhamento":"2022-08-03","urgente":false,"turno":"U","texto":"Para aprecia\u00e7\u00e3o \u00fanica.","data_fim_prazo":null,"ip":"189.127.47.126","ultima_edicao":"2022-09-05T21:46:52.089817-03:00","status":18,"materia":1208,"unidade_tramitacao_local":8,"unidade_tramitacao_destino":4,"user":1}