{"id":975,"__str__":"Projeto de Lei do Executivo n\u00ba 22 de 2016","link_detail_backend":"/materia/975","metadata":{},"numero":22,"ano":2016,"numero_protocolo":null,"data_apresentacao":"2016-08-18","tipo_apresentacao":"E","data_publicacao":null,"numero_origem_externa":"","ano_origem_externa":null,"data_origem_externa":null,"apelido":"","dias_prazo":null,"data_fim_prazo":null,"em_tramitacao":false,"polemica":false,"objeto":"","complementar":false,"ementa":"Institui a Semana do Beb\u00ea no munic\u00edpio de Fortim, na forma que indica e d\u00e1 outras provid\u00eancias.","indexacao":"","observacao":"","resultado":"","texto_original":"http://sapl.fortim.ce.leg.br/media/sapl/public/materialegislativa/2016/975/022.2016.pdf","data_ultima_atualizacao":"2021-08-23T11:47:13.057870-03:00","ip":"186.249.178.125","ultima_edicao":"2021-08-23T11:44:59.395284-03:00","tipo":20,"regime_tramitacao":4,"tipo_origem_externa":null,"local_origem_externa":null,"user":1,"anexadas":[],"autores":[20]}