{"id":819,"__str__":"Requerimento n\u00ba 115 de 2021","link_detail_backend":"/materia/819","metadata":{},"numero":115,"ano":2021,"numero_protocolo":null,"data_apresentacao":"2021-03-26","tipo_apresentacao":"E","data_publicacao":null,"numero_origem_externa":"","ano_origem_externa":null,"data_origem_externa":null,"apelido":"","dias_prazo":null,"data_fim_prazo":null,"em_tramitacao":false,"polemica":false,"objeto":"","complementar":false,"ementa":"Requer ao Exmo. Prefeito Municipal de Fortim, Naselmo de Sousa Ferreira, bem como ao Ilmo. Secret\u00e1rio de Desenvolvimento Urbano, Sr. Francisco Ribeiro da Costa, a constru\u00e7\u00e3o de 01 (uma) \u00e1rea de v\u00f4lei de areia com ilumina\u00e7\u00e3o na praia de Pontal de Macei\u00f3.","indexacao":"","observacao":"","resultado":"","texto_original":"http://sapl.fortim.ce.leg.br/media/sapl/public/materialegislativa/2021/819/115.2021.pdf","data_ultima_atualizacao":"2021-04-26T13:30:25.123935-03:00","ip":"186.249.178.125","ultima_edicao":"2021-04-26T13:30:25.009335-03:00","tipo":10,"regime_tramitacao":1,"tipo_origem_externa":null,"local_origem_externa":null,"user":1,"anexadas":[],"autores":[6]}