{"id":782,"__str__":"Projeto de Lei do Legislativo n\u00ba 6 de 2021","link_detail_backend":"/materia/782","metadata":{},"numero":6,"ano":2021,"numero_protocolo":null,"data_apresentacao":"2021-02-25","tipo_apresentacao":"E","data_publicacao":null,"numero_origem_externa":"","ano_origem_externa":null,"data_origem_externa":null,"apelido":"","dias_prazo":null,"data_fim_prazo":null,"em_tramitacao":false,"polemica":false,"objeto":"","complementar":false,"ementa":"Inclui os trabalhadores da rede p\u00fablica municipal de educa\u00e7\u00e3o de Fortim na 1\u00aa fase do grupo priorit\u00e1rio do programa emergencial de vacina\u00e7\u00e3o para o combate e erradica\u00e7\u00e3o do v\u00edrus COVID-19 no \u00e2mbito do Munic\u00edpio de Fortim, na forma que indica.","indexacao":"","observacao":"","resultado":"","texto_original":"http://sapl.fortim.ce.leg.br/media/sapl/public/materialegislativa/2021/782/006.2001.pdf","data_ultima_atualizacao":"2022-02-19T12:27:45.590572-03:00","ip":"186.249.178.125","ultima_edicao":"2021-04-12T18:41:14.536086-03:00","tipo":21,"regime_tramitacao":1,"tipo_origem_externa":null,"local_origem_externa":null,"user":1,"anexadas":[],"autores":[9]}