{"id":662,"__str__":"Requerimento n\u00ba 23 de 2020","link_detail_backend":"/materia/662","metadata":{},"numero":23,"ano":2020,"numero_protocolo":null,"data_apresentacao":"2020-10-19","tipo_apresentacao":"E","data_publicacao":null,"numero_origem_externa":"","ano_origem_externa":null,"data_origem_externa":null,"apelido":"","dias_prazo":null,"data_fim_prazo":null,"em_tramitacao":false,"polemica":false,"objeto":"","complementar":false,"ementa":"Requer que seja enviado of\u00edcio e c\u00f3pia deste requerimento ao Exmo. Prefeito Municipal de Fortim-CE e ao Secret\u00e1rio Municipal de Desenvolvimento Urbano, solicitando a instala\u00e7\u00e3o de placas de sinaliza\u00e7\u00e3o, com ampla visibilidade, destinada a proibi\u00e7\u00e3o de estacionamento de ve\u00edculos no Mirante do P\u00f4r do Sol em Pontal de Macei\u00f3, ou outra medida eficaz para conter o avan\u00e7o dos ve\u00edculos sobre as dunas.","indexacao":"","observacao":"","resultado":"","texto_original":"http://sapl.fortim.ce.leg.br/media/sapl/public/materialegislativa/2020/662/023.2020.pdf","data_ultima_atualizacao":"2020-11-24T18:09:06.849231-03:00","ip":"177.55.242.39","ultima_edicao":"2020-10-22T16:45:05.579601-03:00","tipo":10,"regime_tramitacao":1,"tipo_origem_externa":null,"local_origem_externa":null,"user":1,"anexadas":[],"autores":[9]}