{"id":62,"__str__":"Mo\u00e7\u00e3o de Aplauso e Congratula\u00e7\u00e3o n\u00ba 1 de 2019","link_detail_backend":"/materia/62","metadata":{},"numero":1,"ano":2019,"numero_protocolo":null,"data_apresentacao":"2019-03-15","tipo_apresentacao":"E","data_publicacao":null,"numero_origem_externa":"","ano_origem_externa":null,"data_origem_externa":null,"apelido":"","dias_prazo":null,"data_fim_prazo":null,"em_tramitacao":false,"polemica":null,"objeto":"","complementar":null,"ementa":"Mo\u00e7\u00e3o de Congratula\u00e7\u00e3o a Marco Ant\u00f4nio Praxedes de Moraes Filho em virtude da publica\u00e7\u00e3o da obro intitulada \"Licita\u00e7\u00f5es Sustent\u00e1veis\".","indexacao":"","observacao":"","resultado":"","texto_original":"http://sapl.fortim.ce.leg.br/media/sapl/public/materialegislativa/2019/62/001.2019.pdf","data_ultima_atualizacao":"2019-05-20T12:41:26.072210-03:00","ip":"","ultima_edicao":null,"tipo":24,"regime_tramitacao":1,"tipo_origem_externa":null,"local_origem_externa":null,"user":null,"anexadas":[],"autores":[9]}