{"id":49,"__str__":"Projeto de Lei Complementar do Executivo n\u00ba 1 de 2019","link_detail_backend":"/materia/49","metadata":{},"numero":1,"ano":2019,"numero_protocolo":null,"data_apresentacao":"2019-02-07","tipo_apresentacao":"E","data_publicacao":null,"numero_origem_externa":"","ano_origem_externa":null,"data_origem_externa":null,"apelido":"","dias_prazo":null,"data_fim_prazo":null,"em_tramitacao":true,"polemica":null,"objeto":"","complementar":true,"ementa":"Acrescenta o par\u00e1grafo \u00fanico ao art. 103 da Lei n\u00ba 183, de 13 de dezembro de 2000 (Regime Jur\u00eddico \u00danico dos Servidores do Munic\u00edpio de Fortim) e d\u00e1 outras provid\u00eancias.","indexacao":"","observacao":"","resultado":"","texto_original":"http://sapl.fortim.ce.leg.br/media/sapl/public/materialegislativa/2019/49/001.2019.pdf","data_ultima_atualizacao":"2019-05-20T13:44:12.977922-03:00","ip":"","ultima_edicao":null,"tipo":13,"regime_tramitacao":2,"tipo_origem_externa":null,"local_origem_externa":null,"user":null,"anexadas":[],"autores":[20]}