{"id":461,"__str__":"Indica\u00e7\u00e3o n\u00ba 2 de 2017","link_detail_backend":"/materia/461","metadata":{},"numero":2,"ano":2017,"numero_protocolo":null,"data_apresentacao":"2017-08-03","tipo_apresentacao":"E","data_publicacao":null,"numero_origem_externa":"","ano_origem_externa":null,"data_origem_externa":null,"apelido":"","dias_prazo":null,"data_fim_prazo":null,"em_tramitacao":false,"polemica":false,"objeto":"","complementar":false,"ementa":"Disp\u00f5e sobre a utiliza\u00e7\u00e3o de equipamentos e m\u00e1quinas doados ao munic\u00edpio no \u00e2mbito do programa de acelera\u00e7\u00e3o do crescimento 2 - PAC2, assim como os equipamentos e m\u00e1quinas objetos de compra direta da administra\u00e7\u00e3o municipal ou de repasse por emenda parlamentar.","indexacao":"","observacao":"","resultado":"","texto_original":"http://sapl.fortim.ce.leg.br/media/sapl/public/materialegislativa/2017/461/002.2017.pdf","data_ultima_atualizacao":"2020-09-30T17:01:39.128336-03:00","ip":"177.55.242.39","ultima_edicao":"2020-09-30T16:58:51.976177-03:00","tipo":9,"regime_tramitacao":1,"tipo_origem_externa":null,"local_origem_externa":null,"user":1,"anexadas":[],"autores":[9]}