{"id":42,"__str__":"Requerimento n\u00ba 60 de 2018","link_detail_backend":"/materia/42","metadata":{},"numero":60,"ano":2018,"numero_protocolo":1965,"data_apresentacao":"2018-11-26","tipo_apresentacao":"E","data_publicacao":null,"numero_origem_externa":"","ano_origem_externa":null,"data_origem_externa":null,"apelido":"","dias_prazo":null,"data_fim_prazo":null,"em_tramitacao":true,"polemica":null,"objeto":"","complementar":null,"ementa":"Solicita a realiza\u00e7\u00e3o de Audi\u00eancia P\u00fablica para discuss\u00e3o da amplia\u00e7\u00e3o de 09 para 11 do n\u00famero de vagas de Vereadores na C\u00e2mara Municipal de Fortim.","indexacao":"","observacao":"","resultado":"","texto_original":"http://sapl.fortim.ce.leg.br/media/sapl/public/materialegislativa/2018/42/060.2018.pdf","data_ultima_atualizacao":"2018-12-10T15:45:59.587166-02:00","ip":"","ultima_edicao":null,"tipo":10,"regime_tramitacao":2,"tipo_origem_externa":null,"local_origem_externa":null,"user":null,"anexadas":[],"autores":[5]}