{"id":365,"__str__":"Mo\u00e7\u00e3o de Aplauso e Congratula\u00e7\u00e3o n\u00ba 2 de 2020","link_detail_backend":"/materia/365","metadata":{},"numero":2,"ano":2020,"numero_protocolo":null,"data_apresentacao":"2020-08-11","tipo_apresentacao":"E","data_publicacao":null,"numero_origem_externa":"","ano_origem_externa":null,"data_origem_externa":null,"apelido":"","dias_prazo":null,"data_fim_prazo":null,"em_tramitacao":false,"polemica":false,"objeto":"","complementar":false,"ementa":"Mo\u00e7\u00e3o de Congratula\u00e7\u00e3o, a todos que fazem a educa\u00e7\u00e3o do nosso munic\u00edpio pelo excelente resultado no SPAECE 2019.","indexacao":"","observacao":"","resultado":"","texto_original":"http://sapl.fortim.ce.leg.br/media/sapl/public/materialegislativa/2020/365/002.2020.pdf","data_ultima_atualizacao":"2020-09-14T14:47:32.486346-03:00","ip":"177.55.242.62","ultima_edicao":"2020-09-11T16:47:44.852921-03:00","tipo":24,"regime_tramitacao":1,"tipo_origem_externa":null,"local_origem_externa":null,"user":1,"anexadas":[],"autores":[9]}