{"id":341,"__str__":"Projeto de Lei Complementar do Legislativo n\u00ba 3 de 2020","link_detail_backend":"/materia/341","metadata":{},"numero":3,"ano":2020,"numero_protocolo":null,"data_apresentacao":"2020-03-13","tipo_apresentacao":"E","data_publicacao":null,"numero_origem_externa":"","ano_origem_externa":null,"data_origem_externa":null,"apelido":"","dias_prazo":null,"data_fim_prazo":null,"em_tramitacao":false,"polemica":null,"objeto":"","complementar":null,"ementa":"Altera o anexo III da Lei Complementar n\u00ba 011/2014, que disp\u00f5e sobre a reestrutura\u00e7\u00e3o e a reforma administrativa da C\u00e2mara Municipal de Fortim.","indexacao":"","observacao":"","resultado":"","texto_original":"http://sapl.fortim.ce.leg.br/media/sapl/public/materialegislativa/2020/341/plc_003.2020.pdf","data_ultima_atualizacao":"2020-06-22T22:36:46.534810-03:00","ip":"177.55.242.33","ultima_edicao":null,"tipo":23,"regime_tramitacao":1,"tipo_origem_externa":null,"local_origem_externa":null,"user":1,"anexadas":[],"autores":[17]}