{"id":336,"__str__":"Projeto de Lei Complementar do Legislativo n\u00ba 2 de 2020","link_detail_backend":"/materia/336","metadata":{},"numero":2,"ano":2020,"numero_protocolo":null,"data_apresentacao":"2020-02-17","tipo_apresentacao":"E","data_publicacao":null,"numero_origem_externa":"","ano_origem_externa":null,"data_origem_externa":null,"apelido":"","dias_prazo":null,"data_fim_prazo":null,"em_tramitacao":false,"polemica":null,"objeto":"","complementar":null,"ementa":"Altera o anexo III da Lei Complementar n\u00ba 011/2014, que disp\u00f5e sobre a reestrutura\u00e7\u00e3o e a reforma administrativa da C\u00e2mara Municipal de Fortim, para fixar o vencimento m\u00ednimo dos servidores p\u00fablicos do Poder Legislativo de Fortim.","indexacao":"","observacao":"","resultado":"","texto_original":"http://sapl.fortim.ce.leg.br/media/sapl/public/materialegislativa/2020/336/002.2020.pdf","data_ultima_atualizacao":"2020-03-18T11:14:40.989524-03:00","ip":"186.249.191.130","ultima_edicao":null,"tipo":23,"regime_tramitacao":4,"tipo_origem_externa":null,"local_origem_externa":null,"user":1,"anexadas":[],"autores":[17]}