{"id":324,"__str__":"Projeto de Lei do Legislativo n\u00ba 21 de 2019","link_detail_backend":"/materia/324","metadata":{},"numero":21,"ano":2019,"numero_protocolo":null,"data_apresentacao":"2019-12-06","tipo_apresentacao":"E","data_publicacao":null,"numero_origem_externa":"","ano_origem_externa":null,"data_origem_externa":null,"apelido":"","dias_prazo":null,"data_fim_prazo":null,"em_tramitacao":false,"polemica":null,"objeto":"","complementar":null,"ementa":"Denomina Areninha em Barro Vermelho, no Munic\u00edpio de Fortim e d\u00e1 outras provid\u00eancias.","indexacao":"","observacao":"","resultado":"","texto_original":"http://sapl.fortim.ce.leg.br/media/sapl/public/materialegislativa/2019/324/0021.2019.pdf","data_ultima_atualizacao":"2020-03-03T16:16:52.918273-03:00","ip":"186.249.191.130","ultima_edicao":null,"tipo":21,"regime_tramitacao":1,"tipo_origem_externa":null,"local_origem_externa":null,"user":1,"anexadas":[],"autores":[8]}