{"id":323,"__str__":"Requerimento Verbal n\u00ba 3 de 2019","link_detail_backend":"/materia/323","metadata":{},"numero":3,"ano":2019,"numero_protocolo":null,"data_apresentacao":"2019-12-02","tipo_apresentacao":"O","data_publicacao":null,"numero_origem_externa":"","ano_origem_externa":null,"data_origem_externa":null,"apelido":"","dias_prazo":null,"data_fim_prazo":null,"em_tramitacao":false,"polemica":null,"objeto":"","complementar":null,"ementa":"Seja realizada uma sess\u00e3o extraordin\u00e1ria, ap\u00f3s o termino desta sess\u00e3o ordin\u00e1ria, dispensando os interst\u00edcios regimentais para aprecia\u00e7\u00e3o do Projeto de Lei n\u00ba 020/2019 \u2013 Oriundo do Executivo, que autoriza o Parcelamento de d\u00e9bitos junto \u00e0 Receita Federal do Brasil, dos Processos especificados, na forma que indica e d\u00e1 outras provid\u00eancias.","indexacao":"","observacao":"","resultado":"","texto_original":null,"data_ultima_atualizacao":"2019-12-05T11:18:12.823825-03:00","ip":"186.249.191.135","ultima_edicao":null,"tipo":28,"regime_tramitacao":2,"tipo_origem_externa":null,"local_origem_externa":null,"user":1,"anexadas":[],"autores":[3]}