{"id":320,"__str__":"Projeto de Lei do Executivo n\u00ba 19 de 2019","link_detail_backend":"/materia/320","metadata":{},"numero":19,"ano":2019,"numero_protocolo":null,"data_apresentacao":"2019-11-28","tipo_apresentacao":"E","data_publicacao":null,"numero_origem_externa":"","ano_origem_externa":null,"data_origem_externa":null,"apelido":"","dias_prazo":null,"data_fim_prazo":null,"em_tramitacao":false,"polemica":null,"objeto":"","complementar":null,"ementa":"Altera a al\u00edquota de contribui\u00e7\u00e3o previdenci\u00e1ria para o Regime Pr\u00f3prio de Previd\u00eancia Social do Munic\u00edpio de Fortim-CE, estabelecido na Lei Municipal n\u00ba 234/2005, de 22 de mar\u00e7o de 2005, e d\u00e1 outras provid\u00eancias.","indexacao":"","observacao":"","resultado":"","texto_original":"http://sapl.fortim.ce.leg.br/media/sapl/public/materialegislativa/2019/320/0019.2019.pdf","data_ultima_atualizacao":"2020-03-03T15:52:05.591722-03:00","ip":"186.249.191.130","ultima_edicao":null,"tipo":20,"regime_tramitacao":1,"tipo_origem_externa":null,"local_origem_externa":null,"user":1,"anexadas":[],"autores":[20]}