{"id":308,"__str__":"Projeto de Lei do Executivo n\u00ba 17 de 2019","link_detail_backend":"/materia/308","metadata":{},"numero":17,"ano":2019,"numero_protocolo":null,"data_apresentacao":"2019-11-13","tipo_apresentacao":"E","data_publicacao":null,"numero_origem_externa":"","ano_origem_externa":null,"data_origem_externa":null,"apelido":"","dias_prazo":null,"data_fim_prazo":null,"em_tramitacao":false,"polemica":null,"objeto":"","complementar":null,"ementa":"Disp\u00f5e sobre a ratifica\u00e7\u00e3o da altera\u00e7\u00e3o do contrato de Constitui\u00e7\u00e3o de Cons\u00f3rcio Internacional de Gest\u00e3o Integrada para Aterro de Res\u00edduos S\u00f3lidos - COMARES - UVC, na forma que indica e d\u00e1 outras provid\u00eancias.","indexacao":"","observacao":"","resultado":"","texto_original":"http://sapl.fortim.ce.leg.br/media/sapl/public/materialegislativa/2019/308/17.2019.pdf","data_ultima_atualizacao":"2020-02-14T13:46:35.986102-03:00","ip":"187.79.220.79","ultima_edicao":null,"tipo":20,"regime_tramitacao":4,"tipo_origem_externa":null,"local_origem_externa":null,"user":1,"anexadas":[],"autores":[20]}