{"id":272,"__str__":"Projeto de Lei do Executivo n\u00ba 23 de 2018","link_detail_backend":"/materia/272","metadata":{},"numero":23,"ano":2018,"numero_protocolo":null,"data_apresentacao":"2018-09-30","tipo_apresentacao":"E","data_publicacao":null,"numero_origem_externa":"","ano_origem_externa":null,"data_origem_externa":null,"apelido":"","dias_prazo":null,"data_fim_prazo":null,"em_tramitacao":false,"polemica":null,"objeto":"","complementar":null,"ementa":"Disp\u00f5e sobre a Reorganiza\u00e7\u00e3o e Funcionamento do Conselho Tutelar e sobre o Regime Jur\u00eddico dos Conselheiros Tutelares de Fortim, e d\u00e1 outras provid\u00eancias.","indexacao":"","observacao":"","resultado":"","texto_original":"http://sapl.fortim.ce.leg.br/media/sapl/public/materialegislativa/2018/272/023.2018.pdf","data_ultima_atualizacao":"2019-10-25T11:30:11.027886-03:00","ip":"186.249.191.135","ultima_edicao":null,"tipo":20,"regime_tramitacao":1,"tipo_origem_externa":null,"local_origem_externa":null,"user":1,"anexadas":[],"autores":[20]}