{"id":257,"__str__":"Projeto de Resolu\u00e7\u00e3o n\u00ba 3 de 2019","link_detail_backend":"/materia/257","metadata":{},"numero":3,"ano":2019,"numero_protocolo":null,"data_apresentacao":"2019-06-06","tipo_apresentacao":"E","data_publicacao":null,"numero_origem_externa":"","ano_origem_externa":null,"data_origem_externa":null,"apelido":"","dias_prazo":null,"data_fim_prazo":null,"em_tramitacao":false,"polemica":null,"objeto":"","complementar":null,"ementa":"Disp\u00f5e sobre o Pr\u00eamio M\u00e9rito na Educa\u00e7\u00e3o Professora \"Maria Ivanilde Marques Maia\u201d, o \u00e2mbito do Munic\u00edpio de Fortim d\u00e1 outras provid\u00eancias.","indexacao":"","observacao":"","resultado":"","texto_original":"http://sapl.fortim.ce.leg.br/media/sapl/public/materialegislativa/2019/257/pr_003.2019.pdf","data_ultima_atualizacao":"2024-10-21T10:09:50.841590-03:00","ip":"189.127.34.100","ultima_edicao":"2024-10-21T10:09:50.271394-03:00","tipo":16,"regime_tramitacao":1,"tipo_origem_externa":null,"local_origem_externa":null,"user":1,"anexadas":[],"autores":[9]}