{"id":24,"__str__":"Requerimento n\u00ba 7 de 2018","link_detail_backend":"/materia/24","metadata":{},"numero":7,"ano":2018,"numero_protocolo":null,"data_apresentacao":"2018-02-23","tipo_apresentacao":"E","data_publicacao":null,"numero_origem_externa":"","ano_origem_externa":null,"data_origem_externa":null,"apelido":"","dias_prazo":null,"data_fim_prazo":null,"em_tramitacao":true,"polemica":null,"objeto":"","complementar":null,"ementa":"Requer na forma regimental, depois de ouvido o Plen\u00e1rio e este aprovado, que seja realizada Sess\u00e3o Solene no m\u00eas de Mar\u00e7o na C\u00e2mara\r\nMunicipal de Fortim em data a ser definida pelo Presidente da Casa, em alus\u00e3o a comemora\u00e7\u00e3o ao dia Internacional da Mulher.","indexacao":"","observacao":"","resultado":"","texto_original":"http://sapl.fortim.ce.leg.br/media/sapl/public/materialegislativa/2018/24/007.2018.pdf","data_ultima_atualizacao":"2020-10-13T10:20:49.974138-03:00","ip":"177.55.249.109","ultima_edicao":"2020-10-13T10:20:49.823540-03:00","tipo":10,"regime_tramitacao":1,"tipo_origem_externa":null,"local_origem_externa":null,"user":4,"anexadas":[],"autores":[9]}