{"id":241,"__str__":"Projeto de Lei do Legislativo n\u00ba 11 de 2019","link_detail_backend":"/materia/241","metadata":{},"numero":11,"ano":2019,"numero_protocolo":null,"data_apresentacao":"2019-10-03","tipo_apresentacao":"E","data_publicacao":null,"numero_origem_externa":"","ano_origem_externa":null,"data_origem_externa":null,"apelido":"","dias_prazo":null,"data_fim_prazo":null,"em_tramitacao":false,"polemica":null,"objeto":"","complementar":null,"ementa":"Denomina Pra\u00e7a P\u00fablica localizada na rua Ana Mota e d\u00e1 outras provid\u00eancias.","indexacao":"","observacao":"","resultado":"","texto_original":"http://sapl.fortim.ce.leg.br/media/sapl/public/materialegislativa/2019/241/011.2019.pdf","data_ultima_atualizacao":"2019-10-24T18:27:43.250300-03:00","ip":"189.40.103.47","ultima_edicao":null,"tipo":21,"regime_tramitacao":1,"tipo_origem_externa":null,"local_origem_externa":null,"user":1,"anexadas":[],"autores":[3]}