{"id":23,"__str__":"Requerimento n\u00ba 6 de 2018","link_detail_backend":"/materia/23","metadata":{},"numero":6,"ano":2018,"numero_protocolo":null,"data_apresentacao":"2018-02-23","tipo_apresentacao":"E","data_publicacao":null,"numero_origem_externa":"","ano_origem_externa":null,"data_origem_externa":null,"apelido":"","dias_prazo":null,"data_fim_prazo":null,"em_tramitacao":true,"polemica":null,"objeto":"","complementar":null,"ementa":"Requerer que depois de ouvido o Plen\u00e1rio na forma Regimental, seja encaminhado of\u00edcio ao limo. Prefeito Municipal, solicitando imediata ades\u00e3o ao Programa Internet para Todos e ser contempladas com a assinatura do contrato com o Minist\u00e9rio da Ci\u00eancia, Tecnologia, Inova\u00e7\u00f5es e Comunica\u00e7\u00f5es (MCTIC), que ocorrer\u00e1\r\nno pr\u00f3ximo dia 12 de mar\u00e7o.","indexacao":"","observacao":"","resultado":"","texto_original":"http://sapl.fortim.ce.leg.br/media/sapl/public/materialegislativa/2018/23/006.2018.pdf","data_ultima_atualizacao":"2018-12-10T01:20:51.370057-02:00","ip":"","ultima_edicao":null,"tipo":10,"regime_tramitacao":1,"tipo_origem_externa":null,"local_origem_externa":null,"user":null,"anexadas":[],"autores":[9]}