{"id":18,"__str__":"Requerimento n\u00ba 1 de 2018","link_detail_backend":"/materia/18","metadata":{},"numero":1,"ano":2018,"numero_protocolo":null,"data_apresentacao":"2018-02-15","tipo_apresentacao":"E","data_publicacao":null,"numero_origem_externa":"","ano_origem_externa":null,"data_origem_externa":null,"apelido":"","dias_prazo":null,"data_fim_prazo":null,"em_tramitacao":true,"polemica":null,"objeto":"","complementar":null,"ementa":"Requer \u00e0 Mesa Diretora, ouvindo o plen\u00e1rio, na devida forma regimental, que seja enviado of\u00edcio e em anexo, c\u00f3pia deste requerimento ao Exmo. Prefeito Municipal de Fortim e a Secretaria de Obras, solicitando a Implanta\u00e7\u00e3o de 01(uma) Areninha Infantil para as categorias Sub - 7 (Faixa et\u00e1ria de 6 e 7 anos), Sub - 8 (Faixa et\u00e1ria de 8 e 9 anos), Sub-11 (Faixa et\u00e1ria de 10 e 11 anos), na Rua da Verdura.","indexacao":"","observacao":"","resultado":"","texto_original":"http://sapl.fortim.ce.leg.br/media/sapl/public/materialegislativa/2018/18/001.2018.pdf","data_ultima_atualizacao":"2020-10-15T11:01:19.961168-03:00","ip":"","ultima_edicao":null,"tipo":10,"regime_tramitacao":1,"tipo_origem_externa":null,"local_origem_externa":null,"user":null,"anexadas":[],"autores":[3]}