{"id":1622,"__str__":"Requerimento Verbal n\u00ba 12 de 2023","link_detail_backend":"/materia/1622","metadata":{},"numero":12,"ano":2023,"numero_protocolo":null,"data_apresentacao":"2023-12-12","tipo_apresentacao":"O","data_publicacao":null,"numero_origem_externa":"","ano_origem_externa":null,"data_origem_externa":null,"apelido":"","dias_prazo":null,"data_fim_prazo":null,"em_tramitacao":false,"polemica":false,"objeto":"","complementar":false,"ementa":"Requer que seja realizada uma Sess\u00e3o Extraordin\u00e1ria logo ap\u00f3s o t\u00e9rmino desta, dispensados os interst\u00edcios regimentais, para discuss\u00e3o e vota\u00e7\u00e3o dos Projetos de Lei n\u00b0 037 e 038/2023, de autoria do Poder Executivo Municipal e Projeto de Lei n\u00ba 049/2023, de autoria da Mesa Diretora, que tramitam em regime de urg\u00eancia nesta Casa.","indexacao":"","observacao":"","resultado":"","texto_original":null,"data_ultima_atualizacao":"2024-01-12T09:29:04.539822-03:00","ip":"189.127.47.104","ultima_edicao":"2024-01-12T09:25:58.360791-03:00","tipo":28,"regime_tramitacao":4,"tipo_origem_externa":null,"local_origem_externa":null,"user":1,"anexadas":[],"autores":[24]}