{"id":161,"__str__":"Projeto de Lei do Executivo n\u00ba 8 de 2019","link_detail_backend":"/materia/161","metadata":{},"numero":8,"ano":2019,"numero_protocolo":null,"data_apresentacao":"2019-06-19","tipo_apresentacao":"E","data_publicacao":null,"numero_origem_externa":"","ano_origem_externa":null,"data_origem_externa":null,"apelido":"","dias_prazo":null,"data_fim_prazo":null,"em_tramitacao":false,"polemica":null,"objeto":"","complementar":null,"ementa":"Define os crit\u00e9rios, a periocidade e os formul\u00e1rios de avalia\u00e7\u00e3o dos profissionais do Magist\u00e9rio Municipal, bem como institui a Comiss\u00e3o de Gest\u00e3o da Carreira, na forma que indica e d\u00e1 outras provid\u00eancias.","indexacao":"","observacao":"","resultado":"","texto_original":"http://sapl.fortim.ce.leg.br/media/sapl/public/materialegislativa/2019/161/008.2019.pdf","data_ultima_atualizacao":"2019-08-09T15:09:33.340271-03:00","ip":"186.249.191.104","ultima_edicao":null,"tipo":20,"regime_tramitacao":4,"tipo_origem_externa":null,"local_origem_externa":null,"user":1,"anexadas":[],"autores":[20]}