{"id":1577,"__str__":"Requerimento n\u00ba 130 de 2023","link_detail_backend":"/materia/1577","metadata":{},"numero":130,"ano":2023,"numero_protocolo":null,"data_apresentacao":"2023-11-13","tipo_apresentacao":"E","data_publicacao":null,"numero_origem_externa":"","ano_origem_externa":null,"data_origem_externa":null,"apelido":"","dias_prazo":null,"data_fim_prazo":null,"em_tramitacao":false,"polemica":false,"objeto":"","complementar":false,"ementa":"Requer ao Exmo. Prefeito Municipal de Fortim-CE, Naselmo de Sousa Ferreira, estudos para a revitaliza\u00e7\u00e3o da Rua Raimundo Sena, no centro da cidade de Fortim. A revitaliza\u00e7\u00e3o dever\u00e1 contemplar a implanta\u00e7\u00e3o de canteiro central, com ilumina\u00e7\u00e3o de l\u00e2mpadas de LED, substitui\u00e7\u00e3o do piso de pedra tosca por bloquete de concreto intertravado, redutores e velocidade e arboriza\u00e7\u00e3o.","indexacao":"","observacao":"","resultado":"","texto_original":"http://sapl.fortim.ce.leg.br/media/sapl/public/materialegislativa/2023/1577/requerimento_130.2023.pdf","data_ultima_atualizacao":"2024-03-18T16:15:21.795206-03:00","ip":"189.127.47.104","ultima_edicao":"2024-03-18T16:15:21.658325-03:00","tipo":10,"regime_tramitacao":1,"tipo_origem_externa":null,"local_origem_externa":null,"user":1,"anexadas":[],"autores":[3]}