{"id":1530,"__str__":"Projeto de Lei do Legislativo n\u00ba 23 de 2023","link_detail_backend":"/materia/1530","metadata":{},"numero":23,"ano":2023,"numero_protocolo":null,"data_apresentacao":"2023-10-02","tipo_apresentacao":"E","data_publicacao":null,"numero_origem_externa":"","ano_origem_externa":null,"data_origem_externa":null,"apelido":"","dias_prazo":null,"data_fim_prazo":null,"em_tramitacao":false,"polemica":false,"objeto":"","complementar":false,"ementa":"Institui no \u00e2mbito do Munic\u00edpio de Fortim o m\u00eas \u201cAbril Laranja\u201d, dedicado \u00e0 campanha de combate aos maus-tratos contra os animais e incentivo \u00e0 castra\u00e7\u00e3o, e d\u00e1 outras provid\u00eancias.","indexacao":"","observacao":"","resultado":"","texto_original":"http://sapl.fortim.ce.leg.br/media/sapl/public/materialegislativa/2023/1530/023.2023.pdf","data_ultima_atualizacao":"2024-06-13T15:14:01.659785-03:00","ip":"189.127.47.104","ultima_edicao":"2023-10-26T14:45:05.450523-03:00","tipo":21,"regime_tramitacao":1,"tipo_origem_externa":null,"local_origem_externa":null,"user":1,"anexadas":[],"autores":[10]}