{"id":1522,"__str__":"Requerimento n\u00ba 105 de 2023","link_detail_backend":"/materia/1522","metadata":{},"numero":105,"ano":2023,"numero_protocolo":null,"data_apresentacao":"2023-09-25","tipo_apresentacao":"E","data_publicacao":null,"numero_origem_externa":"","ano_origem_externa":null,"data_origem_externa":null,"apelido":"","dias_prazo":null,"data_fim_prazo":null,"em_tramitacao":false,"polemica":false,"objeto":"","complementar":false,"ementa":"Requer ao Exmo. Prefeito Municipal de Fortim-CE, Naselmo de Sousa Ferreira, estudos para a cria\u00e7\u00e3o do \u201cEspa\u00e7o Pet Municipal\u201d. Que nesse espa\u00e7o f\u00edsico c\u00e3es e gatos possam ser castrados, vacinados e vermifugados, com atendimento di\u00e1rio de segunda-feira a sexta-feira, em hor\u00e1rio comercial.","indexacao":"","observacao":"","resultado":"","texto_original":"http://sapl.fortim.ce.leg.br/media/sapl/public/materialegislativa/2023/1522/requerimento_105.2023.pdf","data_ultima_atualizacao":"2024-03-18T16:10:18.836095-03:00","ip":"189.127.47.104","ultima_edicao":"2024-03-18T16:10:18.732403-03:00","tipo":10,"regime_tramitacao":1,"tipo_origem_externa":null,"local_origem_externa":null,"user":1,"anexadas":[],"autores":[3]}