{"id":1520,"__str__":"Requerimento n\u00ba 103 de 2023","link_detail_backend":"/materia/1520","metadata":{},"numero":103,"ano":2023,"numero_protocolo":null,"data_apresentacao":"2023-09-20","tipo_apresentacao":"E","data_publicacao":null,"numero_origem_externa":"","ano_origem_externa":null,"data_origem_externa":null,"apelido":"","dias_prazo":null,"data_fim_prazo":null,"em_tramitacao":false,"polemica":false,"objeto":"","complementar":false,"ementa":"Requer que seja realizada uma Sess\u00e3o Solene no pr\u00f3ximo dia 06 de outubro de 2023 em Congratula\u00e7\u00e3o ao Dia do Agente Comunit\u00e1rio de Sa\u00fade e dos Agentes de Combate \u00e0s Endemias.","indexacao":"","observacao":"","resultado":"","texto_original":"http://sapl.fortim.ce.leg.br/media/sapl/public/materialegislativa/2023/1520/requerimento_103.2023.pdf","data_ultima_atualizacao":"2023-10-11T16:52:38.532659-03:00","ip":"189.127.47.104","ultima_edicao":"2023-10-11T16:52:38.290590-03:00","tipo":10,"regime_tramitacao":1,"tipo_origem_externa":null,"local_origem_externa":null,"user":1,"anexadas":[],"autores":[9]}