{"id":1514,"__str__":"Requerimento n\u00ba 99 de 2023","link_detail_backend":"/materia/1514","metadata":{},"numero":99,"ano":2023,"numero_protocolo":null,"data_apresentacao":"2023-09-18","tipo_apresentacao":"E","data_publicacao":null,"numero_origem_externa":"","ano_origem_externa":null,"data_origem_externa":null,"apelido":"","dias_prazo":null,"data_fim_prazo":null,"em_tramitacao":false,"polemica":false,"objeto":"","complementar":false,"ementa":"Requer ao Exmo. Prefeito Municipal de Fortim-CE, Naselmo de Sousa Ferreira, estudos t\u00e9cnicos para a implanta\u00e7\u00e3o de placas de sinaliza\u00e7\u00e3o vertical de tr\u00e2nsito onde se fizer necess\u00e1rio nas ruas do Distrito de Vi\u00e7osa, tais como: quebra-molas, faixas de pedestres, cruzamentos, \u00e1rea escolar.","indexacao":"","observacao":"","resultado":"","texto_original":"http://sapl.fortim.ce.leg.br/media/sapl/public/materialegislativa/2023/1514/requerimento_099.2023.pdf","data_ultima_atualizacao":"2024-03-18T16:07:46.592096-03:00","ip":"189.127.47.104","ultima_edicao":"2024-03-18T16:07:46.445286-03:00","tipo":10,"regime_tramitacao":1,"tipo_origem_externa":null,"local_origem_externa":null,"user":1,"anexadas":[],"autores":[3]}