{"id":1510,"__str__":"Mo\u00e7\u00e3o de Pesar n\u00ba 6 de 2023","link_detail_backend":"/materia/1510","metadata":{},"numero":6,"ano":2023,"numero_protocolo":null,"data_apresentacao":"2023-09-14","tipo_apresentacao":"E","data_publicacao":null,"numero_origem_externa":"","ano_origem_externa":null,"data_origem_externa":null,"apelido":"","dias_prazo":null,"data_fim_prazo":null,"em_tramitacao":false,"polemica":false,"objeto":"","complementar":false,"ementa":"Mo\u00e7\u00e3o de Pesar manifestando solidariedade \u00e0 Fam\u00edlia pelo falecimento da Sra. Raimunda Monteiro de Sousa, av\u00f3 do Vereador Diancarlos Monteiro de Souza.","indexacao":"","observacao":"","resultado":"","texto_original":"http://sapl.fortim.ce.leg.br/media/sapl/public/materialegislativa/2023/1510/mocao_de_pesar_006.2023.pdf","data_ultima_atualizacao":"2023-10-11T17:35:06.919863-03:00","ip":"189.127.47.104","ultima_edicao":"2023-10-11T17:29:55.030423-03:00","tipo":25,"regime_tramitacao":1,"tipo_origem_externa":null,"local_origem_externa":null,"user":1,"anexadas":[],"autores":[3,26,6,28,9,25,34,24,10,33,14]}