{"id":1509,"__str__":"Requerimento n\u00ba 96 de 2023","link_detail_backend":"/materia/1509","metadata":{},"numero":96,"ano":2023,"numero_protocolo":null,"data_apresentacao":"2023-09-13","tipo_apresentacao":"E","data_publicacao":null,"numero_origem_externa":"","ano_origem_externa":null,"data_origem_externa":null,"apelido":"","dias_prazo":null,"data_fim_prazo":null,"em_tramitacao":false,"polemica":false,"objeto":"","complementar":false,"ementa":"Requer ao Exmo. Prefeito Municipal de Fortim-CE, Naselmo de Sousa Ferreira, bem como ao Secret\u00e1rio de Desenvolvimento Urbano, Sr. Francisco Ribeiro da Costa, a instala\u00e7\u00e3o de l\u00e2mpadas tipo LED, no canteiro central da avenida das Mangueiras, que se encontra na Rua dos Jatob\u00e1s at\u00e9 a Rua Raimundo Evangelista, no canto da Barra. No local existem postes p\u00fablicos, por\u00e9m, n\u00e3o existem l\u00e2mpadas de ilumina\u00e7\u00e3o p\u00fablica.","indexacao":"","observacao":"","resultado":"","texto_original":"http://sapl.fortim.ce.leg.br/media/sapl/public/materialegislativa/2023/1509/requerimento_096.2023.pdf","data_ultima_atualizacao":"2023-10-11T17:11:27.149757-03:00","ip":"189.127.47.104","ultima_edicao":"2023-10-11T16:31:56.120738-03:00","tipo":10,"regime_tramitacao":1,"tipo_origem_externa":null,"local_origem_externa":null,"user":1,"anexadas":[],"autores":[9]}