{"id":1501,"__str__":"Requerimento n\u00ba 89 de 2023","link_detail_backend":"/materia/1501","metadata":{},"numero":89,"ano":2023,"numero_protocolo":null,"data_apresentacao":"2023-09-05","tipo_apresentacao":"E","data_publicacao":null,"numero_origem_externa":"","ano_origem_externa":null,"data_origem_externa":null,"apelido":"","dias_prazo":null,"data_fim_prazo":null,"em_tramitacao":false,"polemica":false,"objeto":"","complementar":false,"ementa":"Requer ao Exmo. Prefeito Municipal de Fortim-CE, Naselmo de Sousa Ferreira, bem como ao Secret\u00e1rio de Desenvolvimento Urbano, Sr. Francisco Ribeiro da Costa, a pavimenta\u00e7\u00e3o em bloquete intertravado na Rua Carmina F\u00e9lix, Munic\u00edpio de Fortim.","indexacao":"","observacao":"","resultado":"","texto_original":"http://sapl.fortim.ce.leg.br/media/sapl/public/materialegislativa/2023/1501/requerimento_089.2023.pdf","data_ultima_atualizacao":"2023-10-05T17:53:06.956033-03:00","ip":"189.127.47.104","ultima_edicao":"2023-09-25T16:52:03.128485-03:00","tipo":10,"regime_tramitacao":1,"tipo_origem_externa":null,"local_origem_externa":null,"user":1,"anexadas":[],"autores":[25]}