{"id":1491,"__str__":"Requerimento n\u00ba 86 de 2023","link_detail_backend":"/materia/1491","metadata":{},"numero":86,"ano":2023,"numero_protocolo":null,"data_apresentacao":"2023-08-30","tipo_apresentacao":"E","data_publicacao":null,"numero_origem_externa":"","ano_origem_externa":null,"data_origem_externa":null,"apelido":"","dias_prazo":null,"data_fim_prazo":null,"em_tramitacao":false,"polemica":false,"objeto":"","complementar":false,"ementa":"Requer ao Exmo. Prefeito Municipal de Fortim-CE, Naselmo de Sousa Ferreira, que seja viabilizado a melhoria na ilumina\u00e7\u00e3o p\u00fablica da localidade de Oitizeiro, no Munic\u00edpio de Fortim, Estado do Cear\u00e1, para que substitua as l\u00e2mpadas de vapor por l\u00e2mpadas de LED.","indexacao":"","observacao":"","resultado":"","texto_original":"http://sapl.fortim.ce.leg.br/media/sapl/public/materialegislativa/2023/1491/requerimento_086.2023.pdf","data_ultima_atualizacao":"2023-09-06T15:54:09.279403-03:00","ip":"177.51.32.220","ultima_edicao":"2023-09-06T15:36:21.014756-03:00","tipo":10,"regime_tramitacao":1,"tipo_origem_externa":null,"local_origem_externa":null,"user":1,"anexadas":[],"autores":[3]}