{"id":1489,"__str__":"Requerimento Verbal n\u00ba 8 de 2023","link_detail_backend":"/materia/1489","metadata":{},"numero":8,"ano":2023,"numero_protocolo":null,"data_apresentacao":"2023-08-23","tipo_apresentacao":"O","data_publicacao":null,"numero_origem_externa":"","ano_origem_externa":null,"data_origem_externa":null,"apelido":"","dias_prazo":null,"data_fim_prazo":null,"em_tramitacao":false,"polemica":false,"objeto":"","complementar":false,"ementa":"Requer que seja realizada uma Sess\u00e3o Extraordin\u00e1ria logo ap\u00f3s o t\u00e9rmino desta, dispensados os interst\u00edcios regimentais, para discuss\u00e3o e vota\u00e7\u00e3o do Projeto de Lei n\u00b0 024/2023, de autoria do Poder Executivo Municipal, que tramita em regime de urg\u00eancia nesta Casa.","indexacao":"","observacao":"","resultado":"","texto_original":"http://sapl.fortim.ce.leg.br/media/sapl/public/materialegislativa/2023/1489/008.2023.pdf","data_ultima_atualizacao":"2024-03-18T16:25:47.012439-03:00","ip":"189.127.47.104","ultima_edicao":"2024-03-18T16:25:46.890810-03:00","tipo":28,"regime_tramitacao":4,"tipo_origem_externa":null,"local_origem_externa":null,"user":1,"anexadas":[],"autores":[24]}