{"id":1480,"__str__":"Requerimento n\u00ba 80 de 2023","link_detail_backend":"/materia/1480","metadata":{},"numero":80,"ano":2023,"numero_protocolo":null,"data_apresentacao":"2023-08-22","tipo_apresentacao":"E","data_publicacao":null,"numero_origem_externa":"","ano_origem_externa":null,"data_origem_externa":null,"apelido":"","dias_prazo":null,"data_fim_prazo":null,"em_tramitacao":false,"polemica":false,"objeto":"","complementar":false,"ementa":"Requer ao Exmo. Prefeito Municipal de Fortim-CE, Naselmo de Sousa Ferreira, bem como ao Secret\u00e1rio de Desenvolvimento Urbano, Sr. Francisco Ribeiro da Costa, a implanta\u00e7\u00e3o de ponto de \u00f4nibus (abrigo de passageiro) na localidade de Jardim de Cima, no Munic\u00edpio de Fortim.","indexacao":"","observacao":"","resultado":"","texto_original":"http://sapl.fortim.ce.leg.br/media/sapl/public/materialegislativa/2023/1480/requerimento_080.2023.pdf","data_ultima_atualizacao":"2024-08-13T14:02:08.010878-03:00","ip":"128.201.121.234","ultima_edicao":"2023-09-02T12:31:08.685461-03:00","tipo":10,"regime_tramitacao":1,"tipo_origem_externa":null,"local_origem_externa":null,"user":1,"anexadas":[],"autores":[28]}