{"id":1479,"__str__":"Requerimento n\u00ba 79 de 2023","link_detail_backend":"/materia/1479","metadata":{},"numero":79,"ano":2023,"numero_protocolo":null,"data_apresentacao":"2023-08-21","tipo_apresentacao":"E","data_publicacao":null,"numero_origem_externa":"","ano_origem_externa":null,"data_origem_externa":null,"apelido":"","dias_prazo":null,"data_fim_prazo":null,"em_tramitacao":false,"polemica":false,"objeto":"","complementar":false,"ementa":"Requer ao Exmo. Prefeito Municipal de Fortim-CE, Naselmo de Sousa Ferreira, a implanta\u00e7\u00e3o de faixas elevadas para pedestres em frente ao Super Complexo S\u00e3o Jos\u00e9, localizado na Avenida Joaquim Cris\u00f3stomo, na Cidade de Fortim. Que as faixas de pedestres existentes na frente do Super Complexo S\u00e3o Jos\u00e9, sejam transformadas em faixas de pedestres elevadas.","indexacao":"","observacao":"","resultado":"","texto_original":"http://sapl.fortim.ce.leg.br/media/sapl/public/materialegislativa/2023/1479/requerimento_079.2023.pdf","data_ultima_atualizacao":"2024-08-13T14:02:26.431802-03:00","ip":"128.201.121.234","ultima_edicao":"2023-09-02T12:20:23.927071-03:00","tipo":10,"regime_tramitacao":1,"tipo_origem_externa":null,"local_origem_externa":null,"user":1,"anexadas":[],"autores":[3]}