{"id":1469,"__str__":"Requerimento n\u00ba 76 de 2023","link_detail_backend":"/materia/1469","metadata":{},"numero":76,"ano":2023,"numero_protocolo":null,"data_apresentacao":"2023-08-16","tipo_apresentacao":"E","data_publicacao":null,"numero_origem_externa":"","ano_origem_externa":null,"data_origem_externa":null,"apelido":"","dias_prazo":null,"data_fim_prazo":null,"em_tramitacao":false,"polemica":false,"objeto":"","complementar":false,"ementa":"Requer ao Exmo. Prefeito Municipal de Fortim-CE, Naselmo de Sousa Ferreira, bem como ao Secret\u00e1rio de Desenvolvimento Urbano, Sr. Francisco Ribeiro da Costa, a ativa\u00e7\u00e3o do chafariz p\u00fablico situado na Brisa da Vit\u00f3ria.","indexacao":"","observacao":"","resultado":"","texto_original":"http://sapl.fortim.ce.leg.br/media/sapl/public/materialegislativa/2023/1469/requerimento_076.2023.pdf","data_ultima_atualizacao":"2023-08-30T23:55:07.171681-03:00","ip":"128.201.121.234","ultima_edicao":"2023-08-28T14:55:04.272922-03:00","tipo":10,"regime_tramitacao":1,"tipo_origem_externa":null,"local_origem_externa":null,"user":1,"anexadas":[],"autores":[33]}