{"id":1459,"__str__":"Projeto de Lei do Executivo n\u00ba 20 de 2023","link_detail_backend":"/materia/1459","metadata":{},"numero":20,"ano":2023,"numero_protocolo":null,"data_apresentacao":"2023-08-10","tipo_apresentacao":"E","data_publicacao":null,"numero_origem_externa":"","ano_origem_externa":null,"data_origem_externa":null,"apelido":"","dias_prazo":null,"data_fim_prazo":null,"em_tramitacao":false,"polemica":false,"objeto":"","complementar":false,"ementa":"Institui o Dia da B\u00edblia no \u00e2mbito do Munic\u00edpio de Fortim, na forma que indica.","indexacao":"","observacao":"","resultado":"","texto_original":"http://sapl.fortim.ce.leg.br/media/sapl/public/materialegislativa/2023/1459/020.2023.pdf","data_ultima_atualizacao":"2023-08-31T00:54:39.715091-03:00","ip":"177.55.248.118","ultima_edicao":"2023-08-19T11:16:24.263639-03:00","tipo":20,"regime_tramitacao":1,"tipo_origem_externa":null,"local_origem_externa":null,"user":1,"anexadas":[],"autores":[20]}