{"id":1449,"__str__":"Projeto de Lei do Legislativo n\u00ba 15 de 2023","link_detail_backend":"/materia/1449","metadata":{},"numero":15,"ano":2023,"numero_protocolo":null,"data_apresentacao":"2023-07-18","tipo_apresentacao":"E","data_publicacao":null,"numero_origem_externa":"","ano_origem_externa":null,"data_origem_externa":null,"apelido":"","dias_prazo":null,"data_fim_prazo":null,"em_tramitacao":false,"polemica":false,"objeto":"","complementar":false,"ementa":"Concede o T\u00edtulo Honor\u00edfico de Cidad\u00e3o Fortinense ao Sr. Vaner Alves dos Santos.","indexacao":"","observacao":"","resultado":"","texto_original":"http://sapl.fortim.ce.leg.br/media/sapl/public/materialegislativa/2023/1449/015.2023.pdf","data_ultima_atualizacao":"2023-08-31T00:13:05.435285-03:00","ip":"177.55.248.118","ultima_edicao":"2023-08-20T10:24:48.345934-03:00","tipo":21,"regime_tramitacao":1,"tipo_origem_externa":null,"local_origem_externa":null,"user":1,"anexadas":[],"autores":[3]}