{"id":1437,"__str__":"Indica\u00e7\u00e3o n\u00ba 10 de 2023","link_detail_backend":"/materia/1437","metadata":{},"numero":10,"ano":2023,"numero_protocolo":null,"data_apresentacao":"2023-06-15","tipo_apresentacao":"E","data_publicacao":null,"numero_origem_externa":"","ano_origem_externa":null,"data_origem_externa":null,"apelido":"","dias_prazo":null,"data_fim_prazo":null,"em_tramitacao":false,"polemica":false,"objeto":"","complementar":false,"ementa":"Sugere ao Sr. Prefeito que envie \u00e0 C\u00e2mara Municipal Projeto de Lei sobre a redu\u00e7\u00e3o da carga hor\u00e1ria de servidor p\u00fablico municipal que possua filho portador de necessidades especiais, no \u00e2mbito do Munic\u00edpio de Fortim.","indexacao":"","observacao":"","resultado":"","texto_original":"http://sapl.fortim.ce.leg.br/media/sapl/public/materialegislativa/2023/1437/indicacao_010.2023.pdf","data_ultima_atualizacao":"2023-08-31T01:15:33.307950-03:00","ip":"177.55.248.118","ultima_edicao":"2023-08-20T16:05:09.957691-03:00","tipo":9,"regime_tramitacao":1,"tipo_origem_externa":null,"local_origem_externa":null,"user":1,"anexadas":[],"autores":[24]}