{"id":1426,"__str__":"Projeto de Lei do Executivo n\u00ba 15 de 2023","link_detail_backend":"/materia/1426","metadata":{},"numero":15,"ano":2023,"numero_protocolo":null,"data_apresentacao":"2023-05-29","tipo_apresentacao":"E","data_publicacao":null,"numero_origem_externa":"","ano_origem_externa":null,"data_origem_externa":null,"apelido":"","dias_prazo":null,"data_fim_prazo":null,"em_tramitacao":false,"polemica":false,"objeto":"","complementar":false,"ementa":"Autoriza a Contrata\u00e7\u00e3o Tempor\u00e1ria de Profissionais da Sa\u00fade e estabelece os valores dos plant\u00f5es de m\u00e9dicos, enfermeiros e t\u00e9cnicos de enfermagem, na forma que indica, e d\u00e1 outras provid\u00eancias.","indexacao":"","observacao":"","resultado":"","texto_original":"http://sapl.fortim.ce.leg.br/media/sapl/public/materialegislativa/2023/1426/015.2023.pdf","data_ultima_atualizacao":"2023-08-19T11:09:47.614139-03:00","ip":"177.55.248.118","ultima_edicao":"2023-08-19T11:09:47.489076-03:00","tipo":20,"regime_tramitacao":1,"tipo_origem_externa":null,"local_origem_externa":null,"user":1,"anexadas":[],"autores":[20]}