{"id":1385,"__str__":"Requerimento n\u00ba 32 de 2023","link_detail_backend":"/materia/1385","metadata":{},"numero":32,"ano":2023,"numero_protocolo":null,"data_apresentacao":"2023-04-12","tipo_apresentacao":"E","data_publicacao":null,"numero_origem_externa":"","ano_origem_externa":null,"data_origem_externa":null,"apelido":"","dias_prazo":null,"data_fim_prazo":null,"em_tramitacao":false,"polemica":false,"objeto":"","complementar":false,"ementa":"Requer ao Exmo. Prefeito Municipal de Fortim-CE, Naselmo de Sousa Ferreira, para que junto ao Governo do Estado do Cear\u00e1, seja feito estudos de viabilidade para a contrata\u00e7\u00e3o de policiais militares da reserva para atuarem de forma permanente nas escolas do Munic\u00edpio de Fortim.","indexacao":"","observacao":"","resultado":"","texto_original":"http://sapl.fortim.ce.leg.br/media/sapl/public/materialegislativa/2023/1385/requerimento_032.2023.pdf","data_ultima_atualizacao":"2023-04-25T15:58:44.356843-03:00","ip":"189.127.47.104","ultima_edicao":"2023-04-25T15:58:44.236521-03:00","tipo":10,"regime_tramitacao":1,"tipo_origem_externa":null,"local_origem_externa":null,"user":1,"anexadas":[],"autores":[7]}