{"id":134,"__str__":"Requerimento n\u00ba 26 de 2019","link_detail_backend":"/materia/134","metadata":{},"numero":26,"ano":2019,"numero_protocolo":null,"data_apresentacao":"2019-05-24","tipo_apresentacao":"E","data_publicacao":null,"numero_origem_externa":"","ano_origem_externa":null,"data_origem_externa":null,"apelido":"","dias_prazo":null,"data_fim_prazo":null,"em_tramitacao":false,"polemica":null,"objeto":"","complementar":null,"ementa":"Que seja solicitado junto ao Chefe do Poder Executivo, o retorno da realiza\u00e7\u00e3o do desfile 7 de Setembro nas escolas P\u00fablicas do Munic\u00edpio de Fortim/Ce.","indexacao":"","observacao":"","resultado":"","texto_original":"http://sapl.fortim.ce.leg.br/media/sapl/public/materialegislativa/2019/134/026.2019.pdf","data_ultima_atualizacao":"2019-07-10T16:17:03.735628-03:00","ip":"186.249.191.106","ultima_edicao":null,"tipo":10,"regime_tramitacao":1,"tipo_origem_externa":null,"local_origem_externa":null,"user":1,"anexadas":[],"autores":[5]}