{"id":1347,"__str__":"Requerimento n\u00ba 13 de 2023","link_detail_backend":"/materia/1347","metadata":{},"numero":13,"ano":2023,"numero_protocolo":null,"data_apresentacao":"2023-03-09","tipo_apresentacao":"E","data_publicacao":null,"numero_origem_externa":"","ano_origem_externa":null,"data_origem_externa":null,"apelido":"","dias_prazo":null,"data_fim_prazo":null,"em_tramitacao":false,"polemica":false,"objeto":"","complementar":false,"ementa":"Requer ao Exmo. Prefeito Municipal de Fortim-CE, Naselmo de Sousa Ferreira, bem como ao Secret\u00e1rio de Desenvolvimento Urbano, Sr. Francisco Ribeiro da Costa, a padroniza\u00e7\u00e3o e amplia\u00e7\u00e3o do sistema de abastecimento d'\u00e1gua no C\u00f3rrego I, no Munic\u00edpio de Fortim Cear\u00e1. Ponto de refer\u00eancia: Posto de Sa\u00fade, casa do Sr. Gon\u00e7alves e do Sr. Adriano.","indexacao":"","observacao":"","resultado":"","texto_original":"http://sapl.fortim.ce.leg.br/media/sapl/public/materialegislativa/2023/1347/requerimento_013.2023.pdf","data_ultima_atualizacao":"2024-06-26T10:07:55.551116-03:00","ip":"189.127.34.100","ultima_edicao":"2024-06-26T10:07:55.388224-03:00","tipo":10,"regime_tramitacao":1,"tipo_origem_externa":null,"local_origem_externa":null,"user":1,"anexadas":[],"autores":[14]}