{"id":1346,"__str__":"Requerimento n\u00ba 12 de 2023","link_detail_backend":"/materia/1346","metadata":{},"numero":12,"ano":2023,"numero_protocolo":null,"data_apresentacao":"2023-03-09","tipo_apresentacao":"E","data_publicacao":null,"numero_origem_externa":"","ano_origem_externa":null,"data_origem_externa":null,"apelido":"","dias_prazo":null,"data_fim_prazo":null,"em_tramitacao":false,"polemica":false,"objeto":"","complementar":false,"ementa":"Requer ao Exmo. Prefeito Municipal de Fortim-CE, Naselmo de Sousa Ferreira, bem como a ENEL, a troca de transformador, colocando um maior, ou a instala\u00e7\u00e3o de rede trif\u00e1sica, na Rua S\u00e3o Miguel, no Pontal do Macei\u00f3 e na Rua Jos\u00e9 Rodrigues, na Sede do Munic\u00edpio.","indexacao":"","observacao":"","resultado":"","texto_original":"http://sapl.fortim.ce.leg.br/media/sapl/public/materialegislativa/2023/1346/requerimento_012.2023.pdf","data_ultima_atualizacao":"2023-03-24T21:48:34.108436-03:00","ip":"189.127.33.39","ultima_edicao":"2023-03-24T21:40:14.616485-03:00","tipo":10,"regime_tramitacao":1,"tipo_origem_externa":null,"local_origem_externa":null,"user":1,"anexadas":[],"autores":[24]}