{"id":1332,"__str__":"Requerimento n\u00ba 5 de 2023","link_detail_backend":"/materia/1332","metadata":{},"numero":5,"ano":2023,"numero_protocolo":null,"data_apresentacao":"2023-02-07","tipo_apresentacao":"E","data_publicacao":null,"numero_origem_externa":"","ano_origem_externa":null,"data_origem_externa":null,"apelido":"","dias_prazo":null,"data_fim_prazo":null,"em_tramitacao":false,"polemica":false,"objeto":"","complementar":false,"ementa":"Requer ao Exmo. Prefeito Municipal de Fortim-CE, Naselmo de Sousa Ferreira, bem como ao Secret\u00e1rio de Desenvolvimento Urbano, Sr. Francisco Ribeiro da Costa, a ilumina\u00e7\u00e3o em LED na rua C\u00edcero Mariano, na localidade da Barra.","indexacao":"","observacao":"","resultado":"","texto_original":"http://sapl.fortim.ce.leg.br/media/sapl/public/materialegislativa/2023/1332/requerimento_005.2023.pdf","data_ultima_atualizacao":"2023-03-24T19:49:01.503488-03:00","ip":"177.200.88.252","ultima_edicao":"2023-03-24T19:49:01.334887-03:00","tipo":10,"regime_tramitacao":1,"tipo_origem_externa":null,"local_origem_externa":null,"user":1,"anexadas":[],"autores":[25]}