{"id":1326,"__str__":"Requerimento n\u00ba 3 de 2023","link_detail_backend":"/materia/1326","metadata":{},"numero":3,"ano":2023,"numero_protocolo":null,"data_apresentacao":"2023-01-25","tipo_apresentacao":"E","data_publicacao":null,"numero_origem_externa":"","ano_origem_externa":null,"data_origem_externa":null,"apelido":"","dias_prazo":null,"data_fim_prazo":null,"em_tramitacao":false,"polemica":false,"objeto":"","complementar":false,"ementa":"Requer ao Exmo. Prefeito Municipal de Fortim-CE, Naselmo de Sousa Ferreira, bem como ao Secret\u00e1rio de Desenvolvimento Urbano, Sr. Francisco Ribeiro da Costa, a realiza\u00e7\u00e3o de estudos com o prop\u00f3sito de viabilizar a constru\u00e7\u00e3o de redutores de velocidade na forma de ondula\u00e7\u00e3o transversal iniciando na Sede do Fortim at\u00e9 a Praia do Pontal de Macei\u00f3.","indexacao":"","observacao":"","resultado":"","texto_original":"http://sapl.fortim.ce.leg.br/media/sapl/public/materialegislativa/2023/1326/requerimento_003.2023.pdf","data_ultima_atualizacao":"2023-03-24T19:39:04.428089-03:00","ip":"177.200.88.252","ultima_edicao":"2023-03-24T19:39:04.270774-03:00","tipo":10,"regime_tramitacao":1,"tipo_origem_externa":null,"local_origem_externa":null,"user":1,"anexadas":[],"autores":[27]}